{"id":979,"date":"2014-04-11T16:17:23","date_gmt":"2014-04-11T16:17:23","guid":{"rendered":"http:\/\/www.encontrajaguare.com.br\/noticias\/?p=979"},"modified":"2014-04-11T18:00:16","modified_gmt":"2014-04-11T18:00:16","slug":"comerciantes-e-moradores-conseguem-alterar-o-horario-da-faixa-de-onibus-da-corifeu","status":"publish","type":"post","link":"https:\/\/www.encontrajaguare.com.br\/noticias\/comerciantes-e-moradores-conseguem-alterar-o-horario-da-faixa-de-onibus-da-corifeu\/","title":{"rendered":"Comerciantes e moradores conseguem alterar o hor\u00e1rio da faixa de \u00f4nibus da Corifeu"},"content":{"rendered":"<p style=\"text-align: justify;\">Em audi\u00eancia realizada na C\u00e2mara dos Vereadores de S\u00e3o Paulo no m\u00eas de mar\u00e7o, os representantes da administra\u00e7\u00e3o municipal decidiram pela altera\u00e7\u00e3o do hor\u00e1rio da faixa exclusiva para \u00f4nibus na avenida Corifeu de Azevedo Marques. Al\u00e9m dela, a avenida Jaguar\u00e9 e a rua Ari Aps tamb\u00e9m ter\u00e3o o per\u00edodo de circula\u00e7\u00e3o modificado. Com a mudan\u00e7a, a exclusividade para os coletivos passar\u00e1 a valer apenas nos hor\u00e1rios de pico, e n\u00e3o mais no per\u00edodo integral.<\/p>\n<p style=\"text-align: justify;\">O resultado \u00e9 fruto de um grande esfor\u00e7o conjunto entre os comerciantes da regi\u00e3o e o vereador Adilson Amadeu.\u00a0 Cerca de 70 representantes do com\u00e9rcio estiveram presentes na C\u00e2mara, entre eles, os organizadores da reivindica\u00e7\u00e3o, Chiquinho, Alcides e Paulo. Eles destacaram a ajuda extremamente efetiva do vereador Adilson Amadeu, que n\u00e3o poupou esfor\u00e7os para que o objetivo fosse alcan\u00e7ado. \u201cO vereador foi essencial na nossa luta, pois ele nos ajudou de todas as maneiras poss\u00edveis com muita garra. \u00c9 disso que precisamos, de pol\u00edticos que nos representem com garra\u201d.<\/p>\n<p><img loading=\"lazy\" decoding=\"async\" class=\"aligncenter\" alt=\"\" src=\"http:\/\/www.guiabutanta.com\/blog\/wp-content\/uploads\/2014\/04\/foto011.jpg\" width=\"448\" height=\"360\" \/><\/p>\n<p style=\"text-align: justify;\">Al\u00e9m do trabalho valioso realizado pelo vereador Adilson Amadeu, os comerciantes contaram com a grande colabora\u00e7\u00e3o de Marcelo Cury, rep\u00f3rter do programa \u2018Xerife de S\u00e3o Paulo\u2019, da R\u00e1dio Globo. Cury abriu espa\u00e7o em tr\u00eas ocasi\u00f5es para ouvir os argumentos consistentes dos comerciantes e tamb\u00e9m foi um personagem fundamental para refor\u00e7ar os pedidos pela altera\u00e7\u00e3o dos hor\u00e1rios das faixas.<\/p>\n<p style=\"text-align: justify;\"><strong>Mudan\u00e7a dos hor\u00e1rios das faixas<\/strong><\/p>\n<p style=\"text-align: justify;\">As faixas exclusivas de \u00f4nibus com hor\u00e1rio integral haviam sido implantadas em 2013 pela Prefeitura de S\u00e3o Paulo, e desde ent\u00e3o passaram a causar transtornos expressivos para os comerciantes que viram o movimento de clientes cair drasticamente.<\/p>\n<p style=\"text-align: justify;\">Os tr\u00e2mites burocr\u00e1ticos necess\u00e1rios para efetivar a altera\u00e7\u00e3o est\u00e3o em andamento, e nas pr\u00f3ximas semanas a Prefeitura deve realizar a troca das placas de sinaliza\u00e7\u00e3o referentes ao novo hor\u00e1rio de circula\u00e7\u00e3o exclusiva dos coletivos.<\/p>\n<p style=\"text-align: justify;\"><img loading=\"lazy\" decoding=\"async\" class=\"alignnone\" alt=\"\" src=\"http:\/\/www.guiabutanta.com\/blog\/wp-content\/uploads\/2014\/04\/foto02.jpg\" width=\"512\" height=\"288\" \/><\/p>\n","protected":false},"excerpt":{"rendered":"<p>Em audi\u00eancia realizada na C\u00e2mara dos Vereadores de S\u00e3o Paulo no m\u00eas de mar\u00e7o, os representantes da administra\u00e7\u00e3o municipal decidiram pela altera\u00e7\u00e3o do hor\u00e1rio da faixa exclusiva para \u00f4nibus na avenida Corifeu de Azevedo Marques. Al\u00e9m dela, a avenida Jaguar\u00e9 e a rua Ari Aps tamb\u00e9m ter\u00e3o o per\u00edodo de circula\u00e7\u00e3o modificado. Com a mudan\u00e7a, [&hellip;]<\/p>\n","protected":false},"author":1,"featured_media":0,"comment_status":"open","ping_status":"open","sticky":false,"template":"","format":"standard","meta":{"footnotes":""},"categories":[6],"tags":[],"class_list":["post-979","post","type-post","status-publish","format-standard","hentry","category-noticias"],"_links":{"self":[{"href":"https:\/\/www.encontrajaguare.com.br\/noticias\/wp-json\/wp\/v2\/posts\/979","targetHints":{"allow":["GET"]}}],"collection":[{"href":"https:\/\/www.encontrajaguare.com.br\/noticias\/wp-json\/wp\/v2\/posts"}],"about":[{"href":"https:\/\/www.encontrajaguare.com.br\/noticias\/wp-json\/wp\/v2\/types\/post"}],"author":[{"embeddable":true,"href":"https:\/\/www.encontrajaguare.com.br\/noticias\/wp-json\/wp\/v2\/users\/1"}],"replies":[{"embeddable":true,"href":"https:\/\/www.encontrajaguare.com.br\/noticias\/wp-json\/wp\/v2\/comments?post=979"}],"version-history":[{"count":0,"href":"https:\/\/www.encontrajaguare.com.br\/noticias\/wp-json\/wp\/v2\/posts\/979\/revisions"}],"wp:attachment":[{"href":"https:\/\/www.encontrajaguare.com.br\/noticias\/wp-json\/wp\/v2\/media?parent=979"}],"wp:term":[{"taxonomy":"category","embeddable":true,"href":"https:\/\/www.encontrajaguare.com.br\/noticias\/wp-json\/wp\/v2\/categories?post=979"},{"taxonomy":"post_tag","embeddable":true,"href":"https:\/\/www.encontrajaguare.com.br\/noticias\/wp-json\/wp\/v2\/tags?post=979"}],"curies":[{"name":"wp","href":"https:\/\/api.w.org\/{rel}","templated":true}]}}